{"id":972,"date":"2013-03-23T15:25:38","date_gmt":"2013-03-23T14:25:38","guid":{"rendered":"http:\/\/www.betedugevaudan.com\/blog\/?p=972"},"modified":"2013-03-23T15:29:22","modified_gmt":"2013-03-23T14:29:22","slug":"programme-du-festival-celtes-2013","status":"publish","type":"post","link":"https:\/\/www.betedugevaudan.com\/blog\/2013\/03\/23\/programme-du-festival-celtes-2013\/","title":{"rendered":"Programme du Festival Celtes 2013"},"content":{"rendered":"<p><img loading=\"lazy\" decoding=\"async\" class=\"size-full wp-image-703 alignleft\" alt=\"bouton_festival_celte\" src=\"http:\/\/www.betedugevaudan.com\/blog\/wp-content\/uploads\/2012\/07\/bouton_festival_celte.jpg\" width=\"90\" height=\"105\" \/><\/p>\n<p>&nbsp;<\/p>\n<p><span style=\"color: #00ff00;\"><strong><span style=\"font-size: large;\">Programme du Festival Celte 2013 !!<\/span><\/strong><\/span><\/p>\n<p>&nbsp;<\/p>\n<p><span style=\"font-size: medium; color: #00ffff;\"><strong>Jeudi\u00a08 ao\u00fbt\u00a0\u00e0 Gr\u00e8zes<\/strong><\/span><\/p>\n<p><span style=\"color: #ffcc00;\"><strong><span style=\"font-size: small;\"> Toute la journ\u00e9e :<\/span><\/strong><\/span><br \/>\n<span style=\"font-size: small;\"> Animations dans le village : expositions de photos anciennes \u00e0 la mairie, exposition de dentelle et de costumes traditionnels auvergnats, promenade en cal\u00e8che dans le village, sculpture de la Tour de la Clauze sur bois par Jean-Pierre COoniasse, fabrication de pains au four \u00e0 l\u2019ancienne par Luc Cubizolles, jeux celtes\u2026<br \/>\n<\/span><\/p>\n<p><span style=\"font-size: small; color: #ffcc00;\"> <strong>10 heures<\/strong><\/span><br \/>\n<span style=\"font-size: small;\"> Randonn\u00e9e aller-retour d\u2019environ 1h30<\/span><br \/>\n<span style=\"font-size: small;\"><strong><span style=\"color: #ffcc00;\">12 heures<\/span><br \/>\n<\/strong>Casse-cro\u00fbte<\/span><br \/>\n<span style=\"font-size: small;\"><strong><span style=\"color: #ffcc00;\">A partir de 14 heures<\/span><br \/>\n<\/strong>Trois randonn\u00e9es en diff\u00e9r\u00e9 de 7, 9 et 11 km<br \/>\n<strong><span style=\"color: #ffcc00;\">19 heures<\/span><br \/>\n<\/strong>Inauguration et ouverture officielle du Festival<\/span><br \/>\n<span style=\"font-size: small;\"><strong><span style=\"color: #ffcc00;\">19 h 30<\/span><br \/>\n<\/strong>Vin d\u2019honneur offert par la mairie<\/span><br \/>\n<span style=\"font-size: small;\"><strong><span style=\"color: #ffcc00;\">20 heures<\/span><br \/>\n<\/strong>Repas \u00ab La Musette Gr\u00e9zienne \u00bb<br \/>\n<strong><span style=\"color: #ffcc00;\">A partir de 21 heures<\/span><br \/>\n<\/strong>Concerts gratuits<\/span><\/p>\n<ul>\n<li><span style=\"font-size: small;\">Gerry Carter<\/span><\/li>\n<li><span style=\"font-size: small;\">Il\u2019\u00e9a<\/span><\/li>\n<li><span style=\"font-size: small;\">Le conteur Tortequesne<\/span><\/li>\n<\/ul>\n<p>&nbsp;<\/p>\n<p><span style=\"font-size: medium; color: #00ffff;\"><strong>Vendredi 9 ao\u00fbt\u00a0\u00e0 Saugues<\/strong><\/span><\/p>\n<p><span style=\"color: #ffcc00;\"><strong>Toute la journ\u00e9e :<\/strong><\/span><br \/>\nDes animations et un march\u00e9 celte se tiendront dans le bourg de Saugues. Journ\u00e9e rythm\u00e9e aux sons des groupes Les Pierres Noires, Barkley Corn en concert off (gratuit) et du Bagad de Rhuys.<\/p>\n<p><span style=\"color: #ffcc00;\"><strong>10 heures<\/strong><\/span><br \/>\nPassage du Bagad de Rhuys<br \/>\n<strong><span style=\"color: #ffcc00;\">10 h 30 \u00e0 12 h 15<\/span><br \/>\n<\/strong>Concert de Barkley Corn<br \/>\n<span style=\"color: #ffcc00;\"><strong><span style=\"font-size: small;\">17 heures<\/span><\/strong><\/span><br \/>\nConcert des Pierres Noires<br \/>\n<span style=\"color: #ffcc00;\"><strong>18 h 30<\/strong><\/span><br \/>\nPassage du Bagad de Rhuys<br \/>\n<span style=\"color: #ffcc00;\"><strong>21 heures<\/strong><\/span><br \/>\nConcert payants au March\u00e9 Couvert de Saugues (ouverture des portes d\u00e8s 20 heures)<\/p>\n<ul>\n<li>Manau<\/li>\n<li>Celkilt<\/li>\n<li>Bagad de Rhuys en interm\u00e8de<\/li>\n<\/ul>\n<p>&nbsp;<\/p>\n<p><span style=\"font-size: medium; color: #00ffff;\"><strong>Samedi 10 ao\u00fbt\u00a0\u00e0 Saugues<\/strong><\/span><\/p>\n<p><span style=\"color: #ffcc00;\"><strong>Toute la journ\u00e9e :<\/strong><\/span><br \/>\nDes animations et un march\u00e9 celte se tiendront dans le bourg de Saugues. Journ\u00e9e rythm\u00e9e aux sons des groupes Les Pierres Noires, Barkley Corn en concert off (gratuit) et du Bagad de Rhuys.<\/p>\n<p><span style=\"color: #ffcc00;\"><strong>10 heures<\/strong><\/span><br \/>\nPassage du Bagad de Rhuys<br \/>\n<strong><span style=\"color: #ffcc00;\">10 h 30 \u00e0 12 h 15<\/span><br \/>\n<\/strong>Concert des Pierres Noires<br \/>\n<span style=\"color: #ffcc00;\"><strong>17 heures<\/strong><\/span><br \/>\nConcert de Barkley Corn<br \/>\n<span style=\"color: #ffcc00;\"><strong>18 h 30<\/strong><\/span><br \/>\nGrande parade avec le Bagad de Rhuys<br \/>\n<span style=\"color: #ffcc00;\"><strong>21 heures<\/strong><\/span><br \/>\nConcert payants au March\u00e9 Couvert de Saugues (ouverture des portes d\u00e8s 20 heures)<\/p>\n<ul>\n<li>Avalon Celtic Dance<\/li>\n<li>The Moorings<\/li>\n<li>Bagad de Rhuys en interm\u00e8de<\/li>\n<li><\/li>\n<\/ul>\n<p><strong>Plus d&rsquo;informations sur le site officiel :<\/strong>\u00a0<a href=\"http:\/\/www.festivalengevaudan.com\/\" target=\"_blank\">http:\/\/www.festivalengevaudan.com\/<\/a><\/p>\n","protected":false},"excerpt":{"rendered":"<p>&nbsp; Programme du Festival Celte 2013 !! &nbsp; Jeudi\u00a08 ao\u00fbt\u00a0\u00e0 Gr\u00e8zes Toute la journ\u00e9e : Animations dans le village : expositions de photos anciennes \u00e0 la mairie, exposition de dentelle et de costumes traditionnels auvergnats, promenade en cal\u00e8che dans le village, sculpture de la Tour de la Clauze sur bois par Jean-Pierre COoniasse, fabrication de [&hellip;]<\/p>\n","protected":false},"author":3,"featured_media":0,"comment_status":"open","ping_status":"open","sticky":false,"template":"","format":"standard","meta":{"footnotes":""},"categories":[5],"tags":[],"class_list":["post-972","post","type-post","status-publish","format-standard","hentry","category-lozere"],"_links":{"self":[{"href":"https:\/\/www.betedugevaudan.com\/blog\/wp-json\/wp\/v2\/posts\/972","targetHints":{"allow":["GET"]}}],"collection":[{"href":"https:\/\/www.betedugevaudan.com\/blog\/wp-json\/wp\/v2\/posts"}],"about":[{"href":"https:\/\/www.betedugevaudan.com\/blog\/wp-json\/wp\/v2\/types\/post"}],"author":[{"embeddable":true,"href":"https:\/\/www.betedugevaudan.com\/blog\/wp-json\/wp\/v2\/users\/3"}],"replies":[{"embeddable":true,"href":"https:\/\/www.betedugevaudan.com\/blog\/wp-json\/wp\/v2\/comments?post=972"}],"version-history":[{"count":6,"href":"https:\/\/www.betedugevaudan.com\/blog\/wp-json\/wp\/v2\/posts\/972\/revisions"}],"predecessor-version":[{"id":978,"href":"https:\/\/www.betedugevaudan.com\/blog\/wp-json\/wp\/v2\/posts\/972\/revisions\/978"}],"wp:attachment":[{"href":"https:\/\/www.betedugevaudan.com\/blog\/wp-json\/wp\/v2\/media?parent=972"}],"wp:term":[{"taxonomy":"category","embeddable":true,"href":"https:\/\/www.betedugevaudan.com\/blog\/wp-json\/wp\/v2\/categories?post=972"},{"taxonomy":"post_tag","embeddable":true,"href":"https:\/\/www.betedugevaudan.com\/blog\/wp-json\/wp\/v2\/tags?post=972"}],"curies":[{"name":"wp","href":"https:\/\/api.w.org\/{rel}","templated":true}]}}