{"id":2761,"date":"2024-05-01T14:13:32","date_gmt":"2024-05-01T13:13:32","guid":{"rendered":"https:\/\/www.betedugevaudan.com\/blog\/?p=2761"},"modified":"2024-05-01T14:25:49","modified_gmt":"2024-05-01T13:25:49","slug":"timbre-bete-du-gevaudan","status":"publish","type":"post","link":"https:\/\/www.betedugevaudan.com\/blog\/2024\/05\/01\/timbre-bete-du-gevaudan\/","title":{"rendered":"Timbre de la B\u00eate du G\u00e9vaudan"},"content":{"rendered":"<p style=\"text-align: justify;\"><img loading=\"lazy\" decoding=\"async\" class=\"alignleft size-full wp-image-235\" src=\"https:\/\/www.betedugevaudan.com\/blog\/wp-content\/uploads\/2011\/03\/logo_gevaudan.png\" alt=\"\" width=\"90\" height=\"90\" \/>C&rsquo;est Ludovic Leydier, maire de Thoras et facteur de profession, qui est \u00e0 l&rsquo;initiative de ce timbre \u00e0 l&rsquo;effigie de la b\u00eate qui a terroris\u00e9 les environs entre 1764 et 1767. Ce timbre a \u00e9t\u00e9 d\u00e9voil\u00e9 mardi 30 avril \u00e0 la mairie de Saugues par Jo\u00ebl Plantin, le maire, Franck Besseyre, le directeur de secteur de Brioude Branche Grand Public et Num\u00e9rique La Poste, Marie-Odile Vignal, Pr\u00e9sidente de l\u2019Association Philat\u00e9lique Vellave.<\/p>\n<p style=\"text-align: justify;\">Le graphisme du timbre, r\u00e9alis\u00e9 par Christophe Laborde-Balen, est une repr\u00e9sentation originale de couleur gris-bleu qui sera vendu par feuille de 15. Il ne sera pas disponible dans tous les bureaux de Poste mais pourra s&rsquo;acheter par correspondance.<br \/>\n<span style=\"color: #ffff00;\"><strong>Le 28 et 29 juin 2024, \u00e0 Saugues, Mende et Paris, le timbre sera vendu en avant-premi\u00e8re nationale et pourra \u00eatre oblit\u00e9r\u00e9 avec un \u00ab\u00a0timbre \u00e0 date\u00a0\u00bb autrement dit un cachet, cr\u00e9\u00e9 pour l\u2019occasion. <\/strong><\/span><\/p>\n<p><span style=\"color: #ff0000;\"><strong>Conf\u00e9rence :<\/strong><\/span><\/p>\n<p style=\"text-align: justify;\">Ces m\u00eames jours, \u00e0 Saugues, pour \u00e9voquer la B\u00eate du G\u00e9vaudan et ses myst\u00e8res qui interrogent encore aujourd\u2019hui, <span style=\"color: #ffff00;\"><strong>Bernard Soulier<\/strong><\/span>, \u00e9crivain et auteurs de nombreux livres sur le sujet, donnera une conf\u00e9rence sur cette s\u00e9rie d\u2019attaques mortelles document\u00e9es par la presse et les \u00e9crits (avis de d\u00e9c\u00e8s, t\u00e9moignages recueillis) de l\u2019\u00e9poque.<\/p>\n<p><a href=\"https:\/\/www.betedugevaudan.com\/blog\/wp-content\/uploads\/2024\/05\/timbre_bete_du_gevaudan.jpg\"><img loading=\"lazy\" decoding=\"async\" class=\"wp-image-2762 size-medium alignnone\" src=\"https:\/\/www.betedugevaudan.com\/blog\/wp-content\/uploads\/2024\/05\/timbre_bete_du_gevaudan-216x300.jpg\" alt=\"\" width=\"216\" height=\"300\" srcset=\"https:\/\/www.betedugevaudan.com\/blog\/wp-content\/uploads\/2024\/05\/timbre_bete_du_gevaudan-216x300.jpg 216w, https:\/\/www.betedugevaudan.com\/blog\/wp-content\/uploads\/2024\/05\/timbre_bete_du_gevaudan.jpg 720w\" sizes=\"auto, (max-width: 216px) 100vw, 216px\" \/><\/a><\/p>\n","protected":false},"excerpt":{"rendered":"<p>C&rsquo;est Ludovic Leydier, maire de Thoras et facteur de profession, qui est \u00e0 l&rsquo;initiative de ce timbre \u00e0 l&rsquo;effigie de la b\u00eate qui a terroris\u00e9 les environs entre 1764 et 1767. Ce timbre a \u00e9t\u00e9 d\u00e9voil\u00e9 mardi 30 avril \u00e0 la mairie de Saugues par Jo\u00ebl Plantin, le maire, Franck Besseyre, le directeur de secteur [&hellip;]<\/p>\n","protected":false},"author":3,"featured_media":0,"comment_status":"open","ping_status":"open","sticky":false,"template":"","format":"standard","meta":{"footnotes":""},"categories":[9,4,10],"tags":[],"class_list":["post-2761","post","type-post","status-publish","format-standard","hentry","category-animation","category-la-bete-du-gevaudan","category-information"],"_links":{"self":[{"href":"https:\/\/www.betedugevaudan.com\/blog\/wp-json\/wp\/v2\/posts\/2761","targetHints":{"allow":["GET"]}}],"collection":[{"href":"https:\/\/www.betedugevaudan.com\/blog\/wp-json\/wp\/v2\/posts"}],"about":[{"href":"https:\/\/www.betedugevaudan.com\/blog\/wp-json\/wp\/v2\/types\/post"}],"author":[{"embeddable":true,"href":"https:\/\/www.betedugevaudan.com\/blog\/wp-json\/wp\/v2\/users\/3"}],"replies":[{"embeddable":true,"href":"https:\/\/www.betedugevaudan.com\/blog\/wp-json\/wp\/v2\/comments?post=2761"}],"version-history":[{"count":5,"href":"https:\/\/www.betedugevaudan.com\/blog\/wp-json\/wp\/v2\/posts\/2761\/revisions"}],"predecessor-version":[{"id":2767,"href":"https:\/\/www.betedugevaudan.com\/blog\/wp-json\/wp\/v2\/posts\/2761\/revisions\/2767"}],"wp:attachment":[{"href":"https:\/\/www.betedugevaudan.com\/blog\/wp-json\/wp\/v2\/media?parent=2761"}],"wp:term":[{"taxonomy":"category","embeddable":true,"href":"https:\/\/www.betedugevaudan.com\/blog\/wp-json\/wp\/v2\/categories?post=2761"},{"taxonomy":"post_tag","embeddable":true,"href":"https:\/\/www.betedugevaudan.com\/blog\/wp-json\/wp\/v2\/tags?post=2761"}],"curies":[{"name":"wp","href":"https:\/\/api.w.org\/{rel}","templated":true}]}}