{"id":2364,"date":"2019-12-10T22:33:38","date_gmt":"2019-12-10T20:33:38","guid":{"rendered":"http:\/\/www.betedugevaudan.com\/blog\/?p=2364"},"modified":"2019-12-10T23:44:57","modified_gmt":"2019-12-10T21:44:57","slug":"un-concert-theatralise-sur-la-bete-du-gevaudan-%e2%80%ac","status":"publish","type":"post","link":"https:\/\/www.betedugevaudan.com\/blog\/2019\/12\/10\/un-concert-theatralise-sur-la-bete-du-gevaudan-%e2%80%ac\/","title":{"rendered":"Un concert th\u00e9\u00e2tralis\u00e9 sur la B\u00eate du G\u00e9vaudan !!\u202c"},"content":{"rendered":"<p><img loading=\"lazy\" decoding=\"async\" class=\"alignleft size-full wp-image-235\" src=\"http:\/\/www.betedugevaudan.com\/blog\/wp-content\/uploads\/2011\/03\/logo_gevaudan.png\" alt=\"\" width=\"90\" height=\"90\" \/>Un concert th\u00e9\u00e2tralis\u00e9 se pr\u00e9pare sur la B\u00eate du G\u00e9vaudan !!<\/p>\n<p><a href=\"http:\/\/www.betedugevaudan.com\/blog\/wp-content\/uploads\/2019\/12\/E3E0BD97-2EEE-4303-BF19-11DE7D95C54C.jpeg\"><img loading=\"lazy\" decoding=\"async\" class=\"alignnone wp-image-2367\" src=\"http:\/\/www.betedugevaudan.com\/blog\/wp-content\/uploads\/2019\/12\/E3E0BD97-2EEE-4303-BF19-11DE7D95C54C.jpeg\" alt=\"\" width=\"500\" height=\"333\" srcset=\"https:\/\/www.betedugevaudan.com\/blog\/wp-content\/uploads\/2019\/12\/E3E0BD97-2EEE-4303-BF19-11DE7D95C54C.jpeg 657w, https:\/\/www.betedugevaudan.com\/blog\/wp-content\/uploads\/2019\/12\/E3E0BD97-2EEE-4303-BF19-11DE7D95C54C-300x200.jpeg 300w\" sizes=\"auto, (max-width: 500px) 100vw, 500px\" \/><\/a><\/p>\n<p>Trois repr\u00e9sentations sont programm\u00e9es :<\/p>\n<ul>\n<li>vendredi 10 janvier 2020 \u00e0 20h30,<\/li>\n<li>samedi 11 janvier 2020 \u00e0 20\u2009h\u200930,<\/li>\n<li>dimanche 12 janvier 2020 \u00e0 15h00.<br \/>\n<strong>Les 3 repr\u00e9sentations sont au Palais des spectacles de <a href=\"https:\/\/www.vals.fr\/\" target=\"_blank\" rel=\"noopener noreferrer\">Vals<\/a>.<br \/>\n<\/strong><\/li>\n<\/ul>\n<p><strong>Billetterie : <\/strong>R\u00e9servations possibles d\u00e8s maintenant par internet, <a href=\"http:\/\/spectacles.envelay.com\/evenement-toute-la-programmation-th8-gevaudan-il-est-une-bete-ev309.html\" target=\"_blank\" rel=\"noopener noreferrer\">sur le site<\/a>.<br \/>\n<strong>Tarifs<\/strong> : 25 \u20ac (r\u00e9duit : 20 \u20ac).<\/p>\n<p>\u202a<a href=\"https:\/\/www.leveil.fr\/puy-en-velay-43000\/loisirs\/un-spectacle-denvergure-sur-la-bete-du-gevaudan-se-prepare-aux-ateliers-des-arts-du-puy-en-velay_13702662\" target=\"_blank\" rel=\"noopener noreferrer\">Plus d\u2019informations par ici !!<\/a><\/p>\n","protected":false},"excerpt":{"rendered":"<p>Un concert th\u00e9\u00e2tralis\u00e9 se pr\u00e9pare sur la B\u00eate du G\u00e9vaudan !! Trois repr\u00e9sentations sont programm\u00e9es : vendredi 10 janvier 2020 \u00e0 20h30, samedi 11 janvier 2020 \u00e0 20\u2009h\u200930, dimanche 12 janvier 2020 \u00e0 15h00. Les 3 repr\u00e9sentations sont au Palais des spectacles de Vals. Billetterie : R\u00e9servations possibles d\u00e8s maintenant par internet, sur le site. [&hellip;]<\/p>\n","protected":false},"author":3,"featured_media":0,"comment_status":"open","ping_status":"open","sticky":false,"template":"","format":"standard","meta":{"footnotes":""},"categories":[4,10],"tags":[],"class_list":["post-2364","post","type-post","status-publish","format-standard","hentry","category-la-bete-du-gevaudan","category-information"],"_links":{"self":[{"href":"https:\/\/www.betedugevaudan.com\/blog\/wp-json\/wp\/v2\/posts\/2364","targetHints":{"allow":["GET"]}}],"collection":[{"href":"https:\/\/www.betedugevaudan.com\/blog\/wp-json\/wp\/v2\/posts"}],"about":[{"href":"https:\/\/www.betedugevaudan.com\/blog\/wp-json\/wp\/v2\/types\/post"}],"author":[{"embeddable":true,"href":"https:\/\/www.betedugevaudan.com\/blog\/wp-json\/wp\/v2\/users\/3"}],"replies":[{"embeddable":true,"href":"https:\/\/www.betedugevaudan.com\/blog\/wp-json\/wp\/v2\/comments?post=2364"}],"version-history":[{"count":10,"href":"https:\/\/www.betedugevaudan.com\/blog\/wp-json\/wp\/v2\/posts\/2364\/revisions"}],"predecessor-version":[{"id":2376,"href":"https:\/\/www.betedugevaudan.com\/blog\/wp-json\/wp\/v2\/posts\/2364\/revisions\/2376"}],"wp:attachment":[{"href":"https:\/\/www.betedugevaudan.com\/blog\/wp-json\/wp\/v2\/media?parent=2364"}],"wp:term":[{"taxonomy":"category","embeddable":true,"href":"https:\/\/www.betedugevaudan.com\/blog\/wp-json\/wp\/v2\/categories?post=2364"},{"taxonomy":"post_tag","embeddable":true,"href":"https:\/\/www.betedugevaudan.com\/blog\/wp-json\/wp\/v2\/tags?post=2364"}],"curies":[{"name":"wp","href":"https:\/\/api.w.org\/{rel}","templated":true}]}}