{"id":2183,"date":"2018-04-22T09:32:47","date_gmt":"2018-04-22T07:32:47","guid":{"rendered":"http:\/\/www.betedugevaudan.com\/blog\/?p=2183"},"modified":"2018-12-31T19:57:42","modified_gmt":"2018-12-31T17:57:42","slug":"fete-medievale-du-malzieu-et-artillerie","status":"publish","type":"post","link":"https:\/\/www.betedugevaudan.com\/blog\/2018\/04\/22\/fete-medievale-du-malzieu-et-artillerie\/","title":{"rendered":"F\u00eate m\u00e9di\u00e9vale du Malzieu et artillerie"},"content":{"rendered":"<p>La <a href=\"http:\/\/lesmedievalesdumalzieu.org\/fr\/\" target=\"_blank\" rel=\"noopener\">F\u00eate M\u00e9di\u00e9vale<\/a> du Malzieu aura lien cette ann\u00e9e du vendredi 11 au dimanche 13 mai 2018.<\/p>\n<p><strong>Alain Parbeau<\/strong>&nbsp;y sera pr\u00e9sent avec son stand sur \u00ab\u00a0L&rsquo;artillerie et l&rsquo;arquebuserie m\u00e9di\u00e9vales\u00a0\u00bb,<br>\n<strong>le vendredi 11 et samedi 12 mai (pas le dimanche).<\/strong><br>\n(<a href=\"https:\/\/www.google.fr\/maps\/place\/48140+Le+Malzieu-Ville\/@44.8573417,3.3195262,13.67z\/data=!4m5!3m4!1s0x12b33135662ad5c7:0xc1ba61cadc74a377!8m2!3d44.855562!4d3.331872\" target=\"_blank\" rel=\"noopener\">Lien Google map<\/a>)<\/p>\n<p><a href=\"http:\/\/www.betedugevaudan.com\/blog\/wp-content\/uploads\/2018\/04\/tir_a_parbeau_flamme.jpg\"><img loading=\"lazy\" decoding=\"async\" class=\"alignleft wp-image-2190 size-large\" src=\"http:\/\/www.betedugevaudan.com\/blog\/wp-content\/uploads\/2018\/04\/tir_a_parbeau_flamme-1024x768.jpg\" alt=\"\" width=\"695\" height=\"521\" srcset=\"https:\/\/www.betedugevaudan.com\/blog\/wp-content\/uploads\/2018\/04\/tir_a_parbeau_flamme-1024x768.jpg 1024w, https:\/\/www.betedugevaudan.com\/blog\/wp-content\/uploads\/2018\/04\/tir_a_parbeau_flamme-300x225.jpg 300w, https:\/\/www.betedugevaudan.com\/blog\/wp-content\/uploads\/2018\/04\/tir_a_parbeau_flamme-768x576.jpg 768w, https:\/\/www.betedugevaudan.com\/blog\/wp-content\/uploads\/2018\/04\/tir_a_parbeau_flamme.jpg 1280w\" sizes=\"auto, (max-width: 695px) 100vw, 695px\" \/><\/a><\/p>\n\n\n<h2 class=\"wp-block-heading\"><\/h2>\n\n\n\n<p><\/p>\n","protected":false},"excerpt":{"rendered":"<p>La F\u00eate M\u00e9di\u00e9vale du Malzieu aura lien cette ann\u00e9e du vendredi 11 au dimanche 13 mai 2018. Alain Parbeau&nbsp;y sera pr\u00e9sent avec son stand sur \u00ab\u00a0L&rsquo;artillerie et l&rsquo;arquebuserie m\u00e9di\u00e9vales\u00a0\u00bb, le vendredi 11 et samedi 12 mai (pas le dimanche). (Lien Google map)<\/p>\n","protected":false},"author":3,"featured_media":0,"comment_status":"open","ping_status":"open","sticky":false,"template":"","format":"standard","meta":{"footnotes":""},"categories":[10],"tags":[],"class_list":["post-2183","post","type-post","status-publish","format-standard","hentry","category-information"],"_links":{"self":[{"href":"https:\/\/www.betedugevaudan.com\/blog\/wp-json\/wp\/v2\/posts\/2183","targetHints":{"allow":["GET"]}}],"collection":[{"href":"https:\/\/www.betedugevaudan.com\/blog\/wp-json\/wp\/v2\/posts"}],"about":[{"href":"https:\/\/www.betedugevaudan.com\/blog\/wp-json\/wp\/v2\/types\/post"}],"author":[{"embeddable":true,"href":"https:\/\/www.betedugevaudan.com\/blog\/wp-json\/wp\/v2\/users\/3"}],"replies":[{"embeddable":true,"href":"https:\/\/www.betedugevaudan.com\/blog\/wp-json\/wp\/v2\/comments?post=2183"}],"version-history":[{"count":5,"href":"https:\/\/www.betedugevaudan.com\/blog\/wp-json\/wp\/v2\/posts\/2183\/revisions"}],"predecessor-version":[{"id":2275,"href":"https:\/\/www.betedugevaudan.com\/blog\/wp-json\/wp\/v2\/posts\/2183\/revisions\/2275"}],"wp:attachment":[{"href":"https:\/\/www.betedugevaudan.com\/blog\/wp-json\/wp\/v2\/media?parent=2183"}],"wp:term":[{"taxonomy":"category","embeddable":true,"href":"https:\/\/www.betedugevaudan.com\/blog\/wp-json\/wp\/v2\/categories?post=2183"},{"taxonomy":"post_tag","embeddable":true,"href":"https:\/\/www.betedugevaudan.com\/blog\/wp-json\/wp\/v2\/tags?post=2183"}],"curies":[{"name":"wp","href":"https:\/\/api.w.org\/{rel}","templated":true}]}}