{"id":2177,"date":"2018-04-22T09:06:32","date_gmt":"2018-04-22T07:06:32","guid":{"rendered":"http:\/\/www.betedugevaudan.com\/blog\/?p=2177"},"modified":"2019-02-24T19:47:36","modified_gmt":"2019-02-24T17:47:36","slug":"conference-sur-la-bete","status":"publish","type":"post","link":"https:\/\/www.betedugevaudan.com\/blog\/2018\/04\/22\/conference-sur-la-bete\/","title":{"rendered":"Conf\u00e9rence sur la B\u00eate"},"content":{"rendered":"<p style=\"text-align: justify;\"><strong><img loading=\"lazy\" decoding=\"async\" class=\"wp-image-235 alignleft size-full\" src=\"http:\/\/www.betedugevaudan.com\/blog\/wp-content\/uploads\/2011\/03\/logo_gevaudan.png\" alt=\"\" width=\"90\" height=\"90\"><span style=\"color: #ffff00;\">Conf\u00e9rence pour tout public, anim\u00e9e par Alain Parbeau.<\/span><\/strong><br>\n<em>(Conf\u00e9rence sous le patronage de l&rsquo;\u00e9comus\u00e9e de la Margeride et Saint Flour communaut\u00e9)<\/em><\/p>\n<p style=\"text-align: justify;\">Le <strong>8 Ao\u00fbt \u00e0 <\/strong><span style=\"text-decoration: line-through;\">20h30<\/span><span style=\"color: #ffff00;\"><strong> 19h<\/strong><\/span> au village de Saint Just (<a href=\"https:\/\/www.google.fr\/maps\/place\/15320+Saint-Just\/@44.8913301,3.1634001,13z\/data=!3m1!4b1!4m5!3m4!1s0x12b32c17de719625:0x4093cafcbeac650!8m2!3d44.890495!4d3.2086389\" target=\"_blank\" rel=\"noopener noreferrer\">Lien Google map<\/a>)<br>\n<span style=\"font-size: 10pt;\">(Cantal \u00ab&nbsp;frontalier&nbsp;\u00bb avec la Loz\u00e8re sortie 32 autoroute A75)<\/span><\/p>\n<p style=\"text-align: justify;\"><strong>Vous avez dit la \u00ab&nbsp;B\u00eate&nbsp;\u00bb&nbsp;?<\/strong><br>\nMais quelle B\u00eate a bien pu en pays de G\u00e9vaudan,&nbsp;terroriser la population et perturber le tr\u00f4ne de France il y a 250 ans?<\/p>\n<p style=\"text-align: justify;\">Vous d\u00e9couvrirez \u00e0 travers l\u2019animation d\u2019Alain Parbeau, et avec la pr\u00e9sentation d\u2019objets et d\u2019armes d\u2019\u00e9poques comment le \u00ab peuple \u00bb du G\u00e9vaudan a r\u00e9agi face au danger, avec ses chasses, ses actions h\u00e9ro\u00efques, ses croyances et la royaut\u00e9 .<\/p>\n<p style=\"text-align: justify;\">En fin d\u2019expos\u00e9, vous pourrez poser toutes vos questions\u2026.<\/p>\n<p style=\"text-align: justify;\">Certaines r\u00e9ponses seront apport\u00e9es \u2026.<\/p>\n<p style=\"text-align: justify;\">D\u2019autres attendront peut-\u00eatre encore quelques si\u00e8cles \u2026<\/p>\n<p><a href=\"http:\/\/www.betedugevaudan.com\/blog\/wp-content\/uploads\/2018\/07\/2018-conference_a_parbeau.jpg\"><img loading=\"lazy\" decoding=\"async\" class=\"alignleft wp-image-2212 size-large\" src=\"http:\/\/www.betedugevaudan.com\/blog\/wp-content\/uploads\/2018\/07\/2018-conference_a_parbeau-1024x573.jpg\" alt=\"\" width=\"695\" height=\"389\" srcset=\"https:\/\/www.betedugevaudan.com\/blog\/wp-content\/uploads\/2018\/07\/2018-conference_a_parbeau-1024x573.jpg 1024w, https:\/\/www.betedugevaudan.com\/blog\/wp-content\/uploads\/2018\/07\/2018-conference_a_parbeau-300x168.jpg 300w, https:\/\/www.betedugevaudan.com\/blog\/wp-content\/uploads\/2018\/07\/2018-conference_a_parbeau-768x429.jpg 768w\" sizes=\"auto, (max-width: 695px) 100vw, 695px\" \/><\/a><\/p>\n\n\n<p><\/p>\n","protected":false},"excerpt":{"rendered":"<p>Conf\u00e9rence pour tout public, anim\u00e9e par Alain Parbeau. (Conf\u00e9rence sous le patronage de l&rsquo;\u00e9comus\u00e9e de la Margeride et Saint Flour communaut\u00e9) Le 8 Ao\u00fbt \u00e0 20h30 19h au village de Saint Just (Lien Google map) (Cantal \u00ab&nbsp;frontalier&nbsp;\u00bb avec la Loz\u00e8re sortie 32 autoroute A75) Vous avez dit la \u00ab&nbsp;B\u00eate&nbsp;\u00bb&nbsp;? Mais quelle B\u00eate a bien pu [&hellip;]<\/p>\n","protected":false},"author":3,"featured_media":0,"comment_status":"open","ping_status":"open","sticky":false,"template":"","format":"standard","meta":{"footnotes":""},"categories":[9,4,10,5],"tags":[],"class_list":["post-2177","post","type-post","status-publish","format-standard","hentry","category-animation","category-la-bete-du-gevaudan","category-information","category-lozere"],"_links":{"self":[{"href":"https:\/\/www.betedugevaudan.com\/blog\/wp-json\/wp\/v2\/posts\/2177","targetHints":{"allow":["GET"]}}],"collection":[{"href":"https:\/\/www.betedugevaudan.com\/blog\/wp-json\/wp\/v2\/posts"}],"about":[{"href":"https:\/\/www.betedugevaudan.com\/blog\/wp-json\/wp\/v2\/types\/post"}],"author":[{"embeddable":true,"href":"https:\/\/www.betedugevaudan.com\/blog\/wp-json\/wp\/v2\/users\/3"}],"replies":[{"embeddable":true,"href":"https:\/\/www.betedugevaudan.com\/blog\/wp-json\/wp\/v2\/comments?post=2177"}],"version-history":[{"count":14,"href":"https:\/\/www.betedugevaudan.com\/blog\/wp-json\/wp\/v2\/posts\/2177\/revisions"}],"predecessor-version":[{"id":2284,"href":"https:\/\/www.betedugevaudan.com\/blog\/wp-json\/wp\/v2\/posts\/2177\/revisions\/2284"}],"wp:attachment":[{"href":"https:\/\/www.betedugevaudan.com\/blog\/wp-json\/wp\/v2\/media?parent=2177"}],"wp:term":[{"taxonomy":"category","embeddable":true,"href":"https:\/\/www.betedugevaudan.com\/blog\/wp-json\/wp\/v2\/categories?post=2177"},{"taxonomy":"post_tag","embeddable":true,"href":"https:\/\/www.betedugevaudan.com\/blog\/wp-json\/wp\/v2\/tags?post=2177"}],"curies":[{"name":"wp","href":"https:\/\/api.w.org\/{rel}","templated":true}]}}