{"id":2128,"date":"2017-06-26T10:05:31","date_gmt":"2017-06-26T08:05:31","guid":{"rendered":"http:\/\/www.betedugevaudan.com\/blog\/?p=2128"},"modified":"2017-06-26T10:07:36","modified_gmt":"2017-06-26T08:07:36","slug":"les-250-ans-de-la-mort-de-la-bete","status":"publish","type":"post","link":"https:\/\/www.betedugevaudan.com\/blog\/2017\/06\/26\/les-250-ans-de-la-mort-de-la-bete\/","title":{"rendered":"Les 250 ans de la mort de la B\u00eate !!!"},"content":{"rendered":"<p><img loading=\"lazy\" decoding=\"async\" class=\"alignleft size-full wp-image-1335\" src=\"http:\/\/www.betedugevaudan.com\/blog\/wp-content\/uploads\/2014\/01\/logo_film.jpg\" alt=\"\" width=\"90\" height=\"90\" srcset=\"https:\/\/www.betedugevaudan.com\/blog\/wp-content\/uploads\/2014\/01\/logo_film.jpg 90w, https:\/\/www.betedugevaudan.com\/blog\/wp-content\/uploads\/2014\/01\/logo_film-24x24.jpg 24w, https:\/\/www.betedugevaudan.com\/blog\/wp-content\/uploads\/2014\/01\/logo_film-36x36.jpg 36w, https:\/\/www.betedugevaudan.com\/blog\/wp-content\/uploads\/2014\/01\/logo_film-48x48.jpg 48w, https:\/\/www.betedugevaudan.com\/blog\/wp-content\/uploads\/2014\/01\/logo_film-64x64.jpg 64w\" sizes=\"auto, (max-width: 90px) 100vw, 90px\" \/>Venez revivre la l\u00e9gendaire histoire de la b\u00eate du G\u00e9vaudan le dimanche 9 juillet 2017!<\/p>\n<p>Le village d\u2019<a href=\"https:\/\/fr.wikipedia.org\/wiki\/Auvers_(Haute-Loire)\" target=\"_blank\" rel=\"noopener\">Auvers <\/a>en Haute-Loire (43) vous accueille pour f\u00eater le 250 \u00e8me anniversaire de la mort de cette b\u00eate myst\u00e9rieuse !<\/p>\n<p>Une vid\u00e9o propos\u00e9e par Messieurs Marie et Parbeau fait la promotion de cet \u00e9v\u00e9nement.<\/p>\n<p><iframe loading=\"lazy\" src=\"https:\/\/www.youtube.com\/embed\/B2I1KdUpwXA\" width=\"853\" height=\"480\" frameborder=\"0\" allowfullscreen=\"allowfullscreen\"><\/iframe><\/p>\n","protected":false},"excerpt":{"rendered":"<p>Venez revivre la l\u00e9gendaire histoire de la b\u00eate du G\u00e9vaudan le dimanche 9 juillet 2017! Le village d\u2019Auvers en Haute-Loire (43) vous accueille pour f\u00eater le 250 \u00e8me anniversaire de la mort de cette b\u00eate myst\u00e9rieuse ! Une vid\u00e9o propos\u00e9e par Messieurs Marie et Parbeau fait la promotion de cet \u00e9v\u00e9nement.<\/p>\n","protected":false},"author":3,"featured_media":0,"comment_status":"open","ping_status":"open","sticky":false,"template":"","format":"standard","meta":{"footnotes":""},"categories":[9,4,10,5],"tags":[],"class_list":["post-2128","post","type-post","status-publish","format-standard","hentry","category-animation","category-la-bete-du-gevaudan","category-information","category-lozere"],"_links":{"self":[{"href":"https:\/\/www.betedugevaudan.com\/blog\/wp-json\/wp\/v2\/posts\/2128","targetHints":{"allow":["GET"]}}],"collection":[{"href":"https:\/\/www.betedugevaudan.com\/blog\/wp-json\/wp\/v2\/posts"}],"about":[{"href":"https:\/\/www.betedugevaudan.com\/blog\/wp-json\/wp\/v2\/types\/post"}],"author":[{"embeddable":true,"href":"https:\/\/www.betedugevaudan.com\/blog\/wp-json\/wp\/v2\/users\/3"}],"replies":[{"embeddable":true,"href":"https:\/\/www.betedugevaudan.com\/blog\/wp-json\/wp\/v2\/comments?post=2128"}],"version-history":[{"count":4,"href":"https:\/\/www.betedugevaudan.com\/blog\/wp-json\/wp\/v2\/posts\/2128\/revisions"}],"predecessor-version":[{"id":2132,"href":"https:\/\/www.betedugevaudan.com\/blog\/wp-json\/wp\/v2\/posts\/2128\/revisions\/2132"}],"wp:attachment":[{"href":"https:\/\/www.betedugevaudan.com\/blog\/wp-json\/wp\/v2\/media?parent=2128"}],"wp:term":[{"taxonomy":"category","embeddable":true,"href":"https:\/\/www.betedugevaudan.com\/blog\/wp-json\/wp\/v2\/categories?post=2128"},{"taxonomy":"post_tag","embeddable":true,"href":"https:\/\/www.betedugevaudan.com\/blog\/wp-json\/wp\/v2\/tags?post=2128"}],"curies":[{"name":"wp","href":"https:\/\/api.w.org\/{rel}","templated":true}]}}