{"id":1997,"date":"2016-06-27T09:52:18","date_gmt":"2016-06-27T07:52:18","guid":{"rendered":"http:\/\/www.betedugevaudan.com\/blog\/?p=1997"},"modified":"2016-06-27T09:56:34","modified_gmt":"2016-06-27T07:56:34","slug":"festival-celte-en-gevaudan-2016","status":"publish","type":"post","link":"https:\/\/www.betedugevaudan.com\/blog\/2016\/06\/27\/festival-celte-en-gevaudan-2016\/","title":{"rendered":"Festival Celte en G\u00e9vaudan 2016"},"content":{"rendered":"<p><span style=\"font-size: 12pt;\"><img loading=\"lazy\" decoding=\"async\" class=\"alignleft size-full wp-image-703\" src=\"http:\/\/www.betedugevaudan.com\/blog\/wp-content\/uploads\/2012\/07\/bouton_festival_celte.jpg\" alt=\"bouton_festival_celte\" width=\"90\" height=\"105\" \/><\/span><\/p>\n<p>&nbsp;<\/p>\n<p><span style=\"font-size: 12pt;\">Comme tous les ans, le Festival Celte en G\u00e9vaudan pose ses valises \u00e0 Saugues du 11 au 13 ao\u00fbt\u00a02016<\/span><\/p>\n<p>&nbsp;<\/p>\n<p><a href=\"http:\/\/www.betedugevaudan.com\/blog\/wp-content\/uploads\/2016\/06\/Capture-d\u2019e\u0301cran-2016-06-27-a\u0300-09.38.47.png\"><img loading=\"lazy\" decoding=\"async\" class=\"wp-image-1998 size-medium alignleft\" src=\"http:\/\/www.betedugevaudan.com\/blog\/wp-content\/uploads\/2016\/06\/Capture-d\u2019e\u0301cran-2016-06-27-a\u0300-09.38.47-147x300.png\" alt=\"Festival Celte en G\u00e9vaudan 2016\" width=\"147\" height=\"300\" srcset=\"https:\/\/www.betedugevaudan.com\/blog\/wp-content\/uploads\/2016\/06\/Capture-d\u2019e\u0301cran-2016-06-27-a\u0300-09.38.47-147x300.png 147w, https:\/\/www.betedugevaudan.com\/blog\/wp-content\/uploads\/2016\/06\/Capture-d\u2019e\u0301cran-2016-06-27-a\u0300-09.38.47.png 375w\" sizes=\"auto, (max-width: 147px) 100vw, 147px\" \/><\/a><\/p>\n<p>&nbsp;<\/p>\n<p>Au programme : (Plaquette \u00e0 t\u00e9l\u00e9charger <a href=\"http:\/\/www.festivalengevaudan.com\/wp-content\/uploads\/2016\/05\/Programme2016.pdf\" target=\"_blank\">ici<\/a>.)<\/p>\n<p>Des randonn\u00e9es,<br \/>\nDes concerts,<br \/>\nLe march\u00e9,<br \/>\nDes d\u00e9fil\u00e9s,<br \/>\nDes visites guid\u00e9es,<br \/>\nDes parades,<\/p>\n<p>alors n&rsquo;h\u00e9sitez pas ! Venez !!!!\u00a0 \ud83d\ude42<\/p>\n<p>&nbsp;<\/p>\n<p>Le site officiel :\u00a0<a href=\"http:\/\/www.festivalengevaudan.com\/\" target=\"_blank\">www.festivalengevaudan.com<\/a><\/p>\n","protected":false},"excerpt":{"rendered":"<p>&nbsp; Comme tous les ans, le Festival Celte en G\u00e9vaudan pose ses valises \u00e0 Saugues du 11 au 13 ao\u00fbt\u00a02016 &nbsp; &nbsp; Au programme : (Plaquette \u00e0 t\u00e9l\u00e9charger ici.) Des randonn\u00e9es, Des concerts, Le march\u00e9, Des d\u00e9fil\u00e9s, Des visites guid\u00e9es, Des parades, alors n&rsquo;h\u00e9sitez pas ! Venez !!!!\u00a0 \ud83d\ude42 &nbsp; Le site officiel :\u00a0www.festivalengevaudan.com<\/p>\n","protected":false},"author":3,"featured_media":0,"comment_status":"open","ping_status":"open","sticky":false,"template":"","format":"standard","meta":{"footnotes":""},"categories":[9,5],"tags":[],"class_list":["post-1997","post","type-post","status-publish","format-standard","hentry","category-animation","category-lozere"],"_links":{"self":[{"href":"https:\/\/www.betedugevaudan.com\/blog\/wp-json\/wp\/v2\/posts\/1997","targetHints":{"allow":["GET"]}}],"collection":[{"href":"https:\/\/www.betedugevaudan.com\/blog\/wp-json\/wp\/v2\/posts"}],"about":[{"href":"https:\/\/www.betedugevaudan.com\/blog\/wp-json\/wp\/v2\/types\/post"}],"author":[{"embeddable":true,"href":"https:\/\/www.betedugevaudan.com\/blog\/wp-json\/wp\/v2\/users\/3"}],"replies":[{"embeddable":true,"href":"https:\/\/www.betedugevaudan.com\/blog\/wp-json\/wp\/v2\/comments?post=1997"}],"version-history":[{"count":10,"href":"https:\/\/www.betedugevaudan.com\/blog\/wp-json\/wp\/v2\/posts\/1997\/revisions"}],"predecessor-version":[{"id":2008,"href":"https:\/\/www.betedugevaudan.com\/blog\/wp-json\/wp\/v2\/posts\/1997\/revisions\/2008"}],"wp:attachment":[{"href":"https:\/\/www.betedugevaudan.com\/blog\/wp-json\/wp\/v2\/media?parent=1997"}],"wp:term":[{"taxonomy":"category","embeddable":true,"href":"https:\/\/www.betedugevaudan.com\/blog\/wp-json\/wp\/v2\/categories?post=1997"},{"taxonomy":"post_tag","embeddable":true,"href":"https:\/\/www.betedugevaudan.com\/blog\/wp-json\/wp\/v2\/tags?post=1997"}],"curies":[{"name":"wp","href":"https:\/\/api.w.org\/{rel}","templated":true}]}}