{"id":1846,"date":"2015-07-17T08:01:40","date_gmt":"2015-07-17T07:01:40","guid":{"rendered":"http:\/\/www.betedugevaudan.com\/blog\/?p=1846"},"modified":"2016-05-22T09:27:11","modified_gmt":"2016-05-22T07:27:11","slug":"festival-celte-en-gevaudan-2015","status":"publish","type":"post","link":"https:\/\/www.betedugevaudan.com\/blog\/2015\/07\/17\/festival-celte-en-gevaudan-2015\/","title":{"rendered":"Festival Celte en G\u00e9vaudan 2015"},"content":{"rendered":"<p><a href=\"http:\/\/www.betedugevaudan.com\/blog\/wp-content\/uploads\/2012\/07\/bouton_festival_celte.jpg\"><img loading=\"lazy\" decoding=\"async\" class=\" size-full wp-image-703 alignleft\" src=\"http:\/\/www.betedugevaudan.com\/blog\/wp-content\/uploads\/2012\/07\/bouton_festival_celte.jpg\" alt=\"bouton_festival_celte\" width=\"90\" height=\"105\" \/><\/a>L\u2019\u00e9dition 2015 du Festival Celte en G\u00e9vaudan (la neuvi\u00e8me \u00e9dition) aura lieu du 6 au 8 ao\u00fbt 2015.<\/p>\n<p>L\u2019ouverture officielle se fera dans le village de Servi\u00e8res (et non \u00e0 Vazeilles comme pr\u00e9vu initialement) situ\u00e9 \u00e0 quelques kilom\u00e8tres de Saugues au pied de l\u2019un des sommets les plus \u00e9lev\u00e9s de la Margeride le 6 ao\u00fbt. Un concert gratuit avec le groupe \u00ab\u00a0Humeurs C\u00e9r\u00e9brales\u00a0\u00bb aura lieu en soir\u00e9e.<\/p>\n<p>Les 7 et 8 ao\u00fbt, Saugues sera rythm\u00e9 aux sons du \u00ab\u00a0Bagad de Ploermel\u00a0\u00bb et des groupes \u00ab\u00a0Trio Buzhug\u00a0\u00bb, \u00ab\u00a0Buster Keaton\u00a0\u00bb et \u00ab\u00a0Feasoga\u00a0\u00bb, en concert off.<\/p>\n<p>Deux soir\u00e9es de concerts payants se tiendront au March\u00e9 Couvert de Saugues transform\u00e9 en Z\u00e9nith pour l\u2019occasion.<\/p>\n<p>Le 7 ao\u00fbt, le Festival accueillera le groupe \u00ab\u00a0Celtic Social Club\u00a0\u00bb suivi des groupes \u00ab\u00a0Churchfitters\u00a0\u00bb et \u00ab\u00a0Ten Strings and Goat Skin\u00a0\u00bb.<\/p>\n<p>Le 8 ao\u00fbt, ce sera au groupe mythique \u00ab\u00a0Tri Yann\u00a0\u00bb de venir se produire sur la sc\u00e8ne du March\u00e9 Couvert. Ensuite, le groupe \u00ab\u00a0Mirror Field\u00a0\u00bb viendra clore le Festival.<\/p>\n<p>Pour le programme complet, <a href=\"http:\/\/www.festivalengevaudan.com\/programme-des-concerts-des-ateliers-et-animations\" target=\"_blank\">cliquez ici<\/a>.<\/p>\n<p><a href=\"http:\/\/www.betedugevaudan.com\/blog\/wp-content\/uploads\/2015\/07\/2015-affiche_festival_celte_gevaudan.jpg\"><img loading=\"lazy\" decoding=\"async\" class=\"aligncenter wp-image-1847 \" src=\"http:\/\/www.betedugevaudan.com\/blog\/wp-content\/uploads\/2015\/07\/2015-affiche_festival_celte_gevaudan.jpg\" alt=\"Festival Celte en G\u00e9vaudan 2015\" width=\"449\" height=\"636\" srcset=\"https:\/\/www.betedugevaudan.com\/blog\/wp-content\/uploads\/2015\/07\/2015-affiche_festival_celte_gevaudan.jpg 636w, https:\/\/www.betedugevaudan.com\/blog\/wp-content\/uploads\/2015\/07\/2015-affiche_festival_celte_gevaudan-212x300.jpg 212w\" sizes=\"auto, (max-width: 449px) 100vw, 449px\" \/><\/a><\/p>\n<p>&nbsp;<\/p>\n","protected":false},"excerpt":{"rendered":"<p>L\u2019\u00e9dition 2015 du Festival Celte en G\u00e9vaudan (la neuvi\u00e8me \u00e9dition) aura lieu du 6 au 8 ao\u00fbt 2015. L\u2019ouverture officielle se fera dans le village de Servi\u00e8res (et non \u00e0 Vazeilles comme pr\u00e9vu initialement) situ\u00e9 \u00e0 quelques kilom\u00e8tres de Saugues au pied de l\u2019un des sommets les plus \u00e9lev\u00e9s de la Margeride le 6 ao\u00fbt. [&hellip;]<\/p>\n","protected":false},"author":3,"featured_media":0,"comment_status":"open","ping_status":"open","sticky":false,"template":"","format":"standard","meta":{"footnotes":""},"categories":[9,5],"tags":[],"class_list":["post-1846","post","type-post","status-publish","format-standard","hentry","category-animation","category-lozere"],"_links":{"self":[{"href":"https:\/\/www.betedugevaudan.com\/blog\/wp-json\/wp\/v2\/posts\/1846","targetHints":{"allow":["GET"]}}],"collection":[{"href":"https:\/\/www.betedugevaudan.com\/blog\/wp-json\/wp\/v2\/posts"}],"about":[{"href":"https:\/\/www.betedugevaudan.com\/blog\/wp-json\/wp\/v2\/types\/post"}],"author":[{"embeddable":true,"href":"https:\/\/www.betedugevaudan.com\/blog\/wp-json\/wp\/v2\/users\/3"}],"replies":[{"embeddable":true,"href":"https:\/\/www.betedugevaudan.com\/blog\/wp-json\/wp\/v2\/comments?post=1846"}],"version-history":[{"count":3,"href":"https:\/\/www.betedugevaudan.com\/blog\/wp-json\/wp\/v2\/posts\/1846\/revisions"}],"predecessor-version":[{"id":1986,"href":"https:\/\/www.betedugevaudan.com\/blog\/wp-json\/wp\/v2\/posts\/1846\/revisions\/1986"}],"wp:attachment":[{"href":"https:\/\/www.betedugevaudan.com\/blog\/wp-json\/wp\/v2\/media?parent=1846"}],"wp:term":[{"taxonomy":"category","embeddable":true,"href":"https:\/\/www.betedugevaudan.com\/blog\/wp-json\/wp\/v2\/categories?post=1846"},{"taxonomy":"post_tag","embeddable":true,"href":"https:\/\/www.betedugevaudan.com\/blog\/wp-json\/wp\/v2\/tags?post=1846"}],"curies":[{"name":"wp","href":"https:\/\/api.w.org\/{rel}","templated":true}]}}