{"id":1515,"date":"2014-05-23T07:44:00","date_gmt":"2014-05-23T06:44:00","guid":{"rendered":"http:\/\/www.betedugevaudan.com\/blog\/?p=1515"},"modified":"2014-05-23T07:46:18","modified_gmt":"2014-05-23T06:46:18","slug":"la-bete-du-gevaudan-mystification-dune-realite","status":"publish","type":"post","link":"https:\/\/www.betedugevaudan.com\/blog\/2014\/05\/23\/la-bete-du-gevaudan-mystification-dune-realite\/","title":{"rendered":"La B\u00eate du G\u00e9vaudan. Mystification d&rsquo;une r\u00e9alit\u00e9"},"content":{"rendered":"<p><span style=\"color: #000000;\"><img loading=\"lazy\" decoding=\"async\" class=\"alignleft size-full wp-image-235\" src=\"http:\/\/www.betedugevaudan.com\/blog\/wp-content\/uploads\/2011\/03\/logo_gevaudan.png\" alt=\"logo_gevaudan\" width=\"90\" height=\"90\" \/><\/span><\/p>\n<p>Exposition photographique et litt\u00e9raire<\/p>\n<p>&nbsp;<\/p>\n<p><strong>Photographies<\/strong> \u00a0: Philippe Fourcadier<br style=\"color: #000000;\" \/><strong>Texte<\/strong> : Jean-Claude Feuillarade<\/p>\n<p style=\"text-align: justify;\">Evoquant l\u2019\u00e9pop\u00e9e de cette histoire relat\u00e9e dans bon nombre d\u2019ouvrages et d\u2019archives le photographe et l\u2019\u00e9crivain se sont attach\u00e9s \u00e0 photographier et \u00e0 \u00e9crire \u00e0 partir de r\u00e9cits historiques authentique dans le contexte du XVIII\u00b0 si\u00e8cle tout en veillant que leur approche soit la plus d\u00e9tach\u00e9e possible d\u2019une th\u00e8se plut\u00f4t qu\u2019une autre. Cette libert\u00e9 d\u2019auteurs devant permettre \u00e0 chacun de se faire sa propre opinion sur ces tragiques \u00e9v\u00e8nements.<\/p>\n<p><img loading=\"lazy\" decoding=\"async\" class=\"aligncenter size-full wp-image-1516\" src=\"http:\/\/www.betedugevaudan.com\/blog\/wp-content\/uploads\/2014\/05\/mystification_d_une_realite.jpg\" alt=\"mystification_d_une_realite\" width=\"170\" height=\"240\" \/><\/p>\n<p style=\"text-align: justify;\"><br style=\"color: #000000;\" \/>En empruntant et en s \u2018appuyant sur les nombreux ouvrages qui relatent le parcours sanglant et meurtrier de la B\u00eate du G\u00e9vaudan, la proposition artistique est de relater ce pan d\u2019une histoire r\u00e9gionale tragique qui marque encore fortement ce territoire et l\u2019inconscient collectif.<\/p>\n<p><strong>Du 4 juin au 1er juillet 2014<br \/>\n<\/strong>Maison de l&rsquo;Aubrac &#8211; <a href=\"https:\/\/www.google.fr\/maps\/place\/Aubrac\/@44.6217064,2.986136,15z\/data=!4m2!3m1!1s0x12b2e6fcfd3d6af9:0xa06f69eba1e0750\" target=\"_blank\">12470 Aubrac<br \/>\n<\/a>T\u00e9l : <strong>0565446790<\/strong><\/p>\n","protected":false},"excerpt":{"rendered":"<p>Exposition photographique et litt\u00e9raire &nbsp; Photographies \u00a0: Philippe FourcadierTexte : Jean-Claude Feuillarade Evoquant l\u2019\u00e9pop\u00e9e de cette histoire relat\u00e9e dans bon nombre d\u2019ouvrages et d\u2019archives le photographe et l\u2019\u00e9crivain se sont attach\u00e9s \u00e0 photographier et \u00e0 \u00e9crire \u00e0 partir de r\u00e9cits historiques authentique dans le contexte du XVIII\u00b0 si\u00e8cle tout en veillant que leur approche soit [&hellip;]<\/p>\n","protected":false},"author":3,"featured_media":0,"comment_status":"open","ping_status":"open","sticky":false,"template":"","format":"standard","meta":{"footnotes":""},"categories":[9,4],"tags":[],"class_list":["post-1515","post","type-post","status-publish","format-standard","hentry","category-animation","category-la-bete-du-gevaudan"],"_links":{"self":[{"href":"https:\/\/www.betedugevaudan.com\/blog\/wp-json\/wp\/v2\/posts\/1515","targetHints":{"allow":["GET"]}}],"collection":[{"href":"https:\/\/www.betedugevaudan.com\/blog\/wp-json\/wp\/v2\/posts"}],"about":[{"href":"https:\/\/www.betedugevaudan.com\/blog\/wp-json\/wp\/v2\/types\/post"}],"author":[{"embeddable":true,"href":"https:\/\/www.betedugevaudan.com\/blog\/wp-json\/wp\/v2\/users\/3"}],"replies":[{"embeddable":true,"href":"https:\/\/www.betedugevaudan.com\/blog\/wp-json\/wp\/v2\/comments?post=1515"}],"version-history":[{"count":4,"href":"https:\/\/www.betedugevaudan.com\/blog\/wp-json\/wp\/v2\/posts\/1515\/revisions"}],"predecessor-version":[{"id":1520,"href":"https:\/\/www.betedugevaudan.com\/blog\/wp-json\/wp\/v2\/posts\/1515\/revisions\/1520"}],"wp:attachment":[{"href":"https:\/\/www.betedugevaudan.com\/blog\/wp-json\/wp\/v2\/media?parent=1515"}],"wp:term":[{"taxonomy":"category","embeddable":true,"href":"https:\/\/www.betedugevaudan.com\/blog\/wp-json\/wp\/v2\/categories?post=1515"},{"taxonomy":"post_tag","embeddable":true,"href":"https:\/\/www.betedugevaudan.com\/blog\/wp-json\/wp\/v2\/tags?post=1515"}],"curies":[{"name":"wp","href":"https:\/\/api.w.org\/{rel}","templated":true}]}}